{"id":14732,"date":"2022-02-25T14:09:09","date_gmt":"2022-02-25T12:09:09","guid":{"rendered":"https:\/\/www.teeninduskool.ee\/?p=14732"},"modified":"2022-02-25T14:09:09","modified_gmt":"2022-02-25T12:09:09","slug":"ukraina-heaks","status":"publish","type":"post","link":"https:\/\/www.teeninduskool.ee\/?p=14732","title":{"rendered":"Ukraina heaks"},"content":{"rendered":"<p><span data-contrast=\"auto\">Hea Teko \u00f5pilane ja t\u00f6\u00f6taja!<\/span><span data-ccp-props=\"{&quot;201341983&quot;:0,&quot;335559739&quot;:160,&quot;335559740&quot;:259}\">\u00a0<\/span><\/p>\n<p><span data-contrast=\"auto\">T\u00e4na, 25.02.2022 on teine p\u00e4ev, kui inimesed Ukrainas ei saa minna t\u00f6\u00f6le, \u00f5pilased, \u00f5petajad ja t\u00f6\u00f6tajad kooli, sest peavad s\u00f5dima v\u00f5i peituma varjendites, keldrites ja metroodes, p\u00f5genema oma kodudest ja riigist. Neil ei ole enam muret, kas puudun, olen haige v\u00f5i l\u00e4hikontaktne, mis hinde saan v\u00f5i panen ja millal on j\u00e4relevastamine. Nemad m\u00f5tlevad n\u00fc\u00fcd sellele, kuidas ellu j\u00e4\u00e4da, kas Ukraina j\u00e4\u00e4b iseseisva riigina p\u00fcsima.<\/span><span data-ccp-props=\"{&quot;201341983&quot;:0,&quot;335559739&quot;:160,&quot;335559740&quot;:259}\"> \u00a0<\/span><span data-contrast=\"auto\">Need on meie s\u00f5pruskoolid, paljudele \u00f5pilastele ja t\u00f6\u00f6tajatele sugulased ja s\u00f5brad, tavalised inimesed, kes tahavad elada tavap\u00e4rast inimese elu &#8211; olla terve, \u00f5nnelik ja vaba, t\u00f6\u00f6tada ja \u00f5ppida.<\/span><span data-ccp-props=\"{&quot;201341983&quot;:0,&quot;335559739&quot;:160,&quot;335559740&quot;:259}\">\u00a0<\/span><\/p>\n<p><span data-contrast=\"auto\">Mida saame t\u00e4na \u00e4ra teha? Helista ja kirjuta oma s\u00f5brale, kolleegile, sugulasele ja anna teada, et me toetame neid, oleme valmis abistama.\u00a0<\/span><span data-contrast=\"auto\">Ukraina Punane Rist vajab meie abi! Selleks, et tagada kontaktjoone elanike varustamine igap\u00e4evaeluks h\u00e4davajalikuga, on tarvis k\u00f5ikv\u00f5imalikke h\u00fcgieenivahendeid nii t\u00e4iskasvanutele kui ka lastele. Samuti on v\u00e4ga teretulnud voodipesu, tekid, padjad, magamiskotid jms. Tekos saab annetada esmatarbekaupu, h\u00fcgieenivahendeid, riideid ja voodipesu tuues need B132 alates esmasp\u00e4evast kell 9-15. Annetatavad asjad peavad olema kasutamata.<\/span><span data-ccp-props=\"{&quot;201341983&quot;:0,&quot;335559739&quot;:160,&quot;335559740&quot;:259}\">\u00a0<\/span><\/p>\n<p><span data-contrast=\"auto\">Tallinnas kogub vahendeid heategevuslik taaskasutuskauplus Punane Ristik aadressil Kadaka tee 54, Mustam\u00e4el. Kui soovid aidata, siis leiad v\u00f5imaluse \u201eUkraina abiks!\u201c <\/span><a href=\"https:\/\/www.ukrainaheaks.ee\/\"><span data-contrast=\"none\">https:\/\/www.ukrainaheaks.ee\/<\/span><\/a> <span data-contrast=\"auto\">v\u00f5i rahaliselt Punase Risti kodulehe kaudu <\/span><a href=\"https:\/\/redsross.ee\/annetaU\/ukraina\/\"><span data-contrast=\"none\">https:\/\/redsross.ee\/anneta\/ukraina\/<\/span><\/a><span data-contrast=\"auto\">\u00a0<\/span><span data-ccp-props=\"{&quot;201341983&quot;:0,&quot;335559739&quot;:160,&quot;335559740&quot;:259}\">\u00a0<\/span><\/p>\n<p><span data-contrast=\"auto\">Meeli Kaldma, Anna Treiberk, Kaido Tiits, Kaimar Palm, Anne Nuka, Rita M\u00fc\u00fcr, Pille Pajula, Siret Rannik, Anne M\u00e4e, Eha Martma, Tiina Plukk, Tatjana Surgutskaja, Vaiko M\u00e4e, Maina Villenberg, Kristel Kirsipuu, Ljudmilla Kolt\u0161enko, Diana Malkevit\u0161, Ellen Lessel, Meeli Uibom\u00e4gi, Eero Kippa, Riina Laht, Diane Sarapuu-Kelder, Moonika Aedmaa, Gerda Sepp, Kristi Tiido, Pirje P\u00e4rimets, Annely Kallo, Natalja Kozinets, Natalja Bondareva, \u00d5ilme Siimer, Katrin Kelder, Katrin Maack, Maija Prokofjev, Margit Lipstuhl, K\u00fclli Johari jt.<\/span><\/p>\n","protected":false},"excerpt":{"rendered":"<p>Hea Teko \u00f5pilane ja t\u00f6\u00f6taja!\u00a0 T\u00e4na, 25.02.2022 on teine p\u00e4ev, kui inimesed Ukrainas ei saa minna t\u00f6\u00f6le, \u00f5pilased, \u00f5petajad ja t\u00f6\u00f6tajad kooli, sest peavad s\u00f5dima v\u00f5i peituma varjendites, keldrites ja metroodes, p\u00f5genema oma kodudest&#46;&#46;&#46;<\/p>\n","protected":false},"author":4,"featured_media":14733,"comment_status":"closed","ping_status":"closed","sticky":false,"template":"","format":"standard","meta":{"footnotes":""},"categories":[460],"tags":[491,512,327],"class_list":["post-14732","post","type-post","status-publish","format-standard","has-post-thumbnail","hentry","category-koolist","tag-491","tag-ei-sojale","tag-ukraina"],"_links":{"self":[{"href":"https:\/\/www.teeninduskool.ee\/index.php?rest_route=\/wp\/v2\/posts\/14732","targetHints":{"allow":["GET"]}}],"collection":[{"href":"https:\/\/www.teeninduskool.ee\/index.php?rest_route=\/wp\/v2\/posts"}],"about":[{"href":"https:\/\/www.teeninduskool.ee\/index.php?rest_route=\/wp\/v2\/types\/post"}],"author":[{"embeddable":true,"href":"https:\/\/www.teeninduskool.ee\/index.php?rest_route=\/wp\/v2\/users\/4"}],"replies":[{"embeddable":true,"href":"https:\/\/www.teeninduskool.ee\/index.php?rest_route=%2Fwp%2Fv2%2Fcomments&post=14732"}],"version-history":[{"count":1,"href":"https:\/\/www.teeninduskool.ee\/index.php?rest_route=\/wp\/v2\/posts\/14732\/revisions"}],"predecessor-version":[{"id":14734,"href":"https:\/\/www.teeninduskool.ee\/index.php?rest_route=\/wp\/v2\/posts\/14732\/revisions\/14734"}],"wp:featuredmedia":[{"embeddable":true,"href":"https:\/\/www.teeninduskool.ee\/index.php?rest_route=\/wp\/v2\/media\/14733"}],"wp:attachment":[{"href":"https:\/\/www.teeninduskool.ee\/index.php?rest_route=%2Fwp%2Fv2%2Fmedia&parent=14732"}],"wp:term":[{"taxonomy":"category","embeddable":true,"href":"https:\/\/www.teeninduskool.ee\/index.php?rest_route=%2Fwp%2Fv2%2Fcategories&post=14732"},{"taxonomy":"post_tag","embeddable":true,"href":"https:\/\/www.teeninduskool.ee\/index.php?rest_route=%2Fwp%2Fv2%2Ftags&post=14732"}],"curies":[{"name":"wp","href":"https:\/\/api.w.org\/{rel}","templated":true}]}}