{"id":5890,"date":"2018-03-28T08:41:09","date_gmt":"2018-03-28T05:41:09","guid":{"rendered":"https:\/\/www.teeninduskool.ee\/?p=5890"},"modified":"2021-12-27T10:45:23","modified_gmt":"2021-12-27T08:45:23","slug":"akadeemiline-kalender-2018-2018","status":"publish","type":"post","link":"https:\/\/www.teeninduskool.ee\/?p=5890","title":{"rendered":"Akadeemiline kalender 2018\/2019"},"content":{"rendered":"<h3>Tallinna Teeninduskooli\u00a02018\/2019 \u00f5ppeaasta akadeemiline kalender<\/h3>\n<p><span style=\"font-size: 10pt;\">KINNITATUD direktori k\u00e4skkirjaga nr 4-7\/206 27. m\u00e4rts 2018. a<\/span><\/p>\n<table style=\"width: 598px;\">\n<tbody>\n<tr>\n<td style=\"width: 682px; text-align: left; vertical-align: top;\"><span style=\"font-size: 12pt;\">\u00d5ppev\u00f5lgade likvideerimine<\/span><\/td>\n<td style=\"width: 330px; text-align: right; vertical-align: top;\"><span style=\"font-size: 12pt;\"> 21.08.\u201330.08.2018<\/span><\/td>\n<\/tr>\n<tr>\n<td style=\"width: 682px; text-align: left; vertical-align: top;\"><span style=\"font-size: 12pt;\">Esmakursuslaste aktus<\/span><\/td>\n<td style=\"width: 330px; text-align: right; vertical-align: top;\">31.08.2018<\/td>\n<\/tr>\n<tr>\n<td style=\"width: 682px; text-align: left; vertical-align: top;\"><span style=\"color: #cd2662; font-size: 12pt;\"><strong>I \u00f5ppeperiood (1.\u201310. n\u00e4dal)<\/strong><\/span><\/td>\n<td style=\"width: 330px; text-align: right; vertical-align: top;\"><strong><span style=\"color: #cd2662;\">3.09.2018\u201311.11.2018<\/span><\/strong><\/td>\n<\/tr>\n<tr>\n<td style=\"width: 682px; text-align: left; vertical-align: top;\"><span style=\"font-size: 12pt;\">\u00d5ppetoetuste avalduste esitamine<\/span><\/td>\n<td style=\"width: 330px; text-align: right; vertical-align: top;\"><span style=\"font-size: 12pt;\">\u00a0 3.\u201309.09.2018<\/span><\/td>\n<\/tr>\n<tr>\n<td style=\"width: 682px; text-align: left; vertical-align: top;\"><span style=\"font-size: 12pt;\">Lastevanemate \u00fcldkoosolek (p\u00f5hikoolij\u00e4rgsed I kursused)<\/span><\/td>\n<td style=\"width: 330px; text-align: right; vertical-align: top;\"><span style=\"font-size: 12pt;\">\u00a0 5.09.2018<\/span><\/td>\n<\/tr>\n<tr>\n<td style=\"width: 682px; text-align: left; vertical-align: top;\"><span style=\"font-size: 12pt;\">Koolilaat<\/span><\/td>\n<td style=\"width: 330px; text-align: right; vertical-align: top;\">6.09.2018<\/td>\n<\/tr>\n<tr>\n<td style=\"width: 682px; text-align: left; vertical-align: top;\"><span style=\"font-size: 12pt;\"><strong>Hindamisn\u00e4dal<\/strong><\/span><\/td>\n<td style=\"width: 330px; text-align: right; vertical-align: top;\"><strong>5.\u201311.11.2018<\/strong><\/td>\n<\/tr>\n<tr>\n<td style=\"width: 682px; text-align: left; vertical-align: top;\"><span style=\"color: #cd2662; font-size: 12pt;\"><strong>II \u00f5ppeperiood (11.\u201320. n\u00e4dal)<\/strong><\/span><\/td>\n<td style=\"width: 330px; text-align: right; vertical-align: top;\"><span style=\"color: #cd2662;\"><strong>12.11.2018\u201303.02.2019<\/strong><\/span><\/td>\n<\/tr>\n<tr>\n<td style=\"width: 682px; text-align: left; vertical-align: top;\"><span style=\"font-size: 12pt;\">J\u00f5uluvaheaeg<\/span><\/td>\n<td style=\"width: 330px; text-align: right; vertical-align: top;\">24.12.2018\u201306.01.2019<\/td>\n<\/tr>\n<tr>\n<td style=\"width: 682px; text-align: left; vertical-align: top;\"><span style=\"font-size: 12pt;\">Teko meistriv\u00f5istlused<\/span><\/td>\n<td style=\"width: 330px; text-align: right; vertical-align: top;\">31.01.2019<\/td>\n<\/tr>\n<tr>\n<td style=\"width: 682px; text-align: left; vertical-align: top;\"><span style=\"font-size: 12pt;\"><strong>Hindamisn\u00e4dal<\/strong><\/span><\/td>\n<td style=\"width: 330px; text-align: right; vertical-align: top;\"><strong>28.01.\u201303.02.2019<\/strong><\/td>\n<\/tr>\n<tr>\n<td style=\"width: 682px; text-align: left; vertical-align: top;\"><span style=\"color: #cd2662; font-size: 12pt;\"><strong>III \u00f5ppeperiood (21.\u201330. n\u00e4dal)<\/strong><\/span><\/td>\n<td style=\"width: 330px; text-align: right; vertical-align: top;\"><span style=\"color: #cd2662;\"><strong>4.02.2019\u201314.04.2019<\/strong><\/span><\/td>\n<\/tr>\n<tr>\n<td style=\"width: 682px; text-align: left; vertical-align: top;\"><span style=\"color: #000000; font-size: 12pt;\"><span style=\"font-size: 12pt;\">\u00d5ppetoetuste avalduste esitamine<\/span><\/span><\/td>\n<td style=\"width: 330px; text-align: right; vertical-align: top;\"><span style=\"color: #000000;\">4.\u201310.02.2019<\/span><\/td>\n<\/tr>\n<tr>\n<td style=\"width: 682px; text-align: left; vertical-align: top;\">Eksamiperiood (ST17-KE, MJ18-PET)<\/td>\n<td style=\"width: 330px; text-align: right; vertical-align: top;\">4.\u201314.02.2019<\/td>\n<\/tr>\n<tr>\n<td style=\"width: 682px; text-align: left; vertical-align: top;\">L\u00f5puaktus (ST17-KE, MJ18-PET)<\/td>\n<td style=\"width: 330px; text-align: right; vertical-align: top;\">15.02.2019<\/td>\n<\/tr>\n<tr>\n<td style=\"width: 682px; text-align: left; vertical-align: top;\">Eesti Vabariigi aastap\u00e4eval aktus<\/td>\n<td style=\"width: 330px; text-align: right; vertical-align: top;\">22.02.2019<\/td>\n<\/tr>\n<tr>\n<td style=\"width: 682px; text-align: left; vertical-align: top;\"><span style=\"font-size: 12pt;\"><strong>Hindamisn\u00e4dal<\/strong><\/span><\/td>\n<td style=\"width: 330px; text-align: right; vertical-align: top;\"><strong>8.\u201314.04.2019<\/strong><\/td>\n<\/tr>\n<tr>\n<td style=\"width: 682px; text-align: left; vertical-align: top;\"><span style=\"font-size: 12pt;\"><strong><span style=\"color: #cd2662;\">IV \u00f5ppeperiood (31.\u201340. n\u00e4dal)<\/span><\/strong><\/span><\/td>\n<td style=\"width: 330px; text-align: right; vertical-align: top;\"><span style=\"color: #cd2662;\"><strong>15.04.2019\u201323.06.2019<\/strong><\/span><\/td>\n<\/tr>\n<tr>\n<td style=\"width: 682px; text-align: left; vertical-align: top;\"><span style=\"font-size: 12pt;\">L\u00f5pukursuste riigieksamid<\/span><\/td>\n<td style=\"width: 330px; text-align: right; vertical-align: top;\"><span style=\"font-size: 12pt;\">(HTMi info)<\/span><\/td>\n<\/tr>\n<tr>\n<td style=\"width: 682px; text-align: left; vertical-align: top;\">KK16-PE ja PV kutseeksamid<\/td>\n<td style=\"width: 330px; text-align: right; vertical-align: top;\">22.\u201326.04.2019<\/td>\n<\/tr>\n<tr>\n<td style=\"width: 682px; text-align: left; vertical-align: top;\">(Kutse)eksamiperiood<\/td>\n<td style=\"width: 330px; text-align: right; vertical-align: top;\">5.\u201316.06.2019<\/td>\n<\/tr>\n<tr>\n<td style=\"width: 682px; text-align: left; vertical-align: top;\"><span style=\"font-size: 12pt;\"><strong>Hindamisn\u00e4dal<\/strong><\/span><\/td>\n<td style=\"width: 330px; text-align: right; vertical-align: top;\"><strong>17.\u201321.06.2019<\/strong><\/td>\n<\/tr>\n<tr>\n<td style=\"width: 682px; text-align: left; vertical-align: top;\"><span style=\"font-size: 12pt;\">L\u00f5puaktused<\/span><\/td>\n<td style=\"width: 330px; text-align: right; vertical-align: top;\">20.06.2019<\/td>\n<\/tr>\n<tr>\n<td style=\"width: 682px; text-align: left; vertical-align: top;\"><span style=\"font-size: 12pt;\">Suvevaheaeg<\/span><\/td>\n<td style=\"width: 330px; text-align: right; vertical-align: top;\">\u00a024.06.-01.09.2019<\/td>\n<\/tr>\n<\/tbody>\n<\/table>\n","protected":false},"excerpt":{"rendered":"<p>Tallinna Teeninduskooli\u00a02018\/2019 \u00f5ppeaasta akadeemiline kalender KINNITATUD direktori k\u00e4skkirjaga nr 4-7\/206 27. m\u00e4rts 2018. a \u00d5ppev\u00f5lgade likvideerimine 21.08.\u201330.08.2018 Esmakursuslaste aktus 31.08.2018 I \u00f5ppeperiood (1.\u201310. n\u00e4dal) 3.09.2018\u201311.11.2018 \u00d5ppetoetuste avalduste esitamine \u00a0 3.\u201309.09.2018 Lastevanemate \u00fcldkoosolek (p\u00f5hikoolij\u00e4rgsed I&#46;&#46;&#46;<\/p>\n","protected":false},"author":4,"featured_media":3282,"comment_status":"closed","ping_status":"closed","sticky":false,"template":"","format":"standard","meta":{"footnotes":""},"categories":[460],"tags":[42,321,187],"class_list":["post-5890","post","type-post","status-publish","format-standard","has-post-thumbnail","hentry","category-koolist","tag-42","tag-321","tag-akadeemiline-kalender"],"_links":{"self":[{"href":"https:\/\/www.teeninduskool.ee\/index.php?rest_route=\/wp\/v2\/posts\/5890","targetHints":{"allow":["GET"]}}],"collection":[{"href":"https:\/\/www.teeninduskool.ee\/index.php?rest_route=\/wp\/v2\/posts"}],"about":[{"href":"https:\/\/www.teeninduskool.ee\/index.php?rest_route=\/wp\/v2\/types\/post"}],"author":[{"embeddable":true,"href":"https:\/\/www.teeninduskool.ee\/index.php?rest_route=\/wp\/v2\/users\/4"}],"replies":[{"embeddable":true,"href":"https:\/\/www.teeninduskool.ee\/index.php?rest_route=%2Fwp%2Fv2%2Fcomments&post=5890"}],"version-history":[{"count":1,"href":"https:\/\/www.teeninduskool.ee\/index.php?rest_route=\/wp\/v2\/posts\/5890\/revisions"}],"predecessor-version":[{"id":11279,"href":"https:\/\/www.teeninduskool.ee\/index.php?rest_route=\/wp\/v2\/posts\/5890\/revisions\/11279"}],"wp:featuredmedia":[{"embeddable":true,"href":"https:\/\/www.teeninduskool.ee\/index.php?rest_route=\/wp\/v2\/media\/3282"}],"wp:attachment":[{"href":"https:\/\/www.teeninduskool.ee\/index.php?rest_route=%2Fwp%2Fv2%2Fmedia&parent=5890"}],"wp:term":[{"taxonomy":"category","embeddable":true,"href":"https:\/\/www.teeninduskool.ee\/index.php?rest_route=%2Fwp%2Fv2%2Fcategories&post=5890"},{"taxonomy":"post_tag","embeddable":true,"href":"https:\/\/www.teeninduskool.ee\/index.php?rest_route=%2Fwp%2Fv2%2Ftags&post=5890"}],"curies":[{"name":"wp","href":"https:\/\/api.w.org\/{rel}","templated":true}]}}